{"id":5106,"date":"2024-03-08T09:00:24","date_gmt":"2024-03-08T09:00:24","guid":{"rendered":"https:\/\/agderma.de\/?p=5106"},"modified":"2024-03-08T09:03:50","modified_gmt":"2024-03-08T09:03:50","slug":"crise-climatique-ce-quil-faut-faire-maintenant-pour-lobstetrique-et-la-sante-des-femmes-en-allemagne","status":"publish","type":"post","link":"https:\/\/agderma.de\/fr\/presse\/2024\/klimakrise-was-jetzt-fuer-geburtshilfe-und-frauengesundheit-in-deutschland-zu-tun-ist\/","title":{"rendered":"Crise climatique - ce qu'il faut faire maintenant pour l'obst\u00e9trique et la sant\u00e9 des femmes en Allemagne"},"content":{"rendered":"<p>Une prise de position de la Soci\u00e9t\u00e9 allemande de gyn\u00e9cologie et d'obst\u00e9trique, de l'Association professionnelle des gyn\u00e9cologues, du Groupe de travail sur l'obst\u00e9trique et la m\u00e9decine pr\u00e9natale, de la Soci\u00e9t\u00e9 allemande de m\u00e9decine p\u00e9rinatale, de la Soci\u00e9t\u00e9 allemande de m\u00e9decine pr\u00e9natale et obst\u00e9tricale et du Groupe de travail gyn\u00e9cologie\/obst\u00e9trique Deutsche Allianz Klimawandel und Gesundheit e.V., en coop\u00e9ration avec d'autres associations professionnelles.<\/p>\n\n\n\n<p><a href=\"https:\/\/agderma.de\/wp-content\/uploads\/2024\/03\/Positionspapier-Klimakrise-und-Frauengesundheit_V05.03.24.pdf\" target=\"_blank\" rel=\"noreferrer noopener\">Ici<\/a> vous pouvez consulter le document de synth\u00e8se.<\/p>","protected":false},"excerpt":{"rendered":"<p>Une prise de position de la Soci\u00e9t\u00e9 allemande de gyn\u00e9cologie et d'obst\u00e9trique, de l'Association professionnelle des gyn\u00e9cologues, du Groupe de travail sur l'obst\u00e9trique et la m\u00e9decine pr\u00e9natale, de la Soci\u00e9t\u00e9 allemande de m\u00e9decine p\u00e9rinatale, de la Soci\u00e9t\u00e9 allemande de m\u00e9decine pr\u00e9natale et obst\u00e9tricale et du Groupe de travail gyn\u00e9cologie\/obst\u00e9trique Deutsche Allianz Klimawandel und Gesundheit e.V., en coop\u00e9ration avec d'autres associations professionnelles. Vous pouvez consulter la prise de position ici.<\/p>","protected":false},"author":1,"featured_media":5102,"comment_status":"closed","ping_status":"open","sticky":false,"template":"","format":"standard","meta":{"_acf_changed":false,"footnotes":""},"categories":[10],"tags":[],"class_list":["post-5106","post","type-post","status-publish","format-standard","has-post-thumbnail","hentry","category-presse"],"acf":[],"_links":{"self":[{"href":"https:\/\/agderma.de\/fr\/wp-json\/wp\/v2\/posts\/5106","targetHints":{"allow":["GET"]}}],"collection":[{"href":"https:\/\/agderma.de\/fr\/wp-json\/wp\/v2\/posts"}],"about":[{"href":"https:\/\/agderma.de\/fr\/wp-json\/wp\/v2\/types\/post"}],"author":[{"embeddable":true,"href":"https:\/\/agderma.de\/fr\/wp-json\/wp\/v2\/users\/1"}],"replies":[{"embeddable":true,"href":"https:\/\/agderma.de\/fr\/wp-json\/wp\/v2\/comments?post=5106"}],"version-history":[{"count":2,"href":"https:\/\/agderma.de\/fr\/wp-json\/wp\/v2\/posts\/5106\/revisions"}],"predecessor-version":[{"id":5108,"href":"https:\/\/agderma.de\/fr\/wp-json\/wp\/v2\/posts\/5106\/revisions\/5108"}],"wp:featuredmedia":[{"embeddable":true,"href":"https:\/\/agderma.de\/fr\/wp-json\/wp\/v2\/media\/5102"}],"wp:attachment":[{"href":"https:\/\/agderma.de\/fr\/wp-json\/wp\/v2\/media?parent=5106"}],"wp:term":[{"taxonomy":"category","embeddable":true,"href":"https:\/\/agderma.de\/fr\/wp-json\/wp\/v2\/categories?post=5106"},{"taxonomy":"post_tag","embeddable":true,"href":"https:\/\/agderma.de\/fr\/wp-json\/wp\/v2\/tags?post=5106"}],"curies":[{"name":"wp","href":"https:\/\/api.w.org\/{rel}","templated":true}]}}