{"id":5447,"date":"2024-09-22T10:14:52","date_gmt":"2024-09-22T10:14:52","guid":{"rendered":"https:\/\/agderma.de\/?p=5447"},"modified":"2024-09-22T10:22:05","modified_gmt":"2024-09-22T10:22:05","slug":"appel-des-medecins-contre-les-echantillons-de-produits-dermatologiques","status":"publish","type":"post","link":"https:\/\/agderma.de\/fr\/presse\/2024\/aerzte-appell-gegen-dermatologische-produktproben\/","title":{"rendered":"Appel des m\u00e9decins contre les \u00e9chantillons de produits dermatologiques"},"content":{"rendered":"<p>Le groupe de travail sur la durabilit\u00e9 en dermatologie (<a href=\"https:\/\/agderma.de\/fr\/\" target=\"_blank\" rel=\"noreferrer noopener\">AGN<\/a>) a demand\u00e9 aux cabinets m\u00e9dicaux et aux pharmacies de ne plus accepter ni distribuer d'\u00e9chantillons de produits dermatologiques. La raison : une \u00e9tude men\u00e9e par AGN et le bureau d'\u00e9tudes C. E. Schweig a r\u00e9v\u00e9l\u00e9 que la production et la distribution d'\u00e9chantillons de produits \u00e9taient responsables d'importantes \u00e9missions de gaz \u00e0 effet de serre et \u00e9taient en outre n\u00e9fastes pour l'environnement.<\/p>\n\n\n\n<p>Pour lire l'article complet, publi\u00e9 par le Deutsches \u00c4rzteblatt, cliquez ici <a href=\"https:\/\/www.aerzteblatt.de\/nachrichten\/154296\" target=\"_blank\" rel=\"noopener\">ici<\/a>.<\/p>","protected":false},"excerpt":{"rendered":"<p>Contribution \u00e0 l'enqu\u00eate men\u00e9e par AGN et le bureau d'\u00e9tudes C. E. Schweig sur les \u00e9missions de gaz \u00e0 effet de serre des \u00e9chantillons de produits.<\/p>","protected":false},"author":1,"featured_media":5448,"comment_status":"closed","ping_status":"open","sticky":false,"template":"","format":"standard","meta":{"_acf_changed":false,"footnotes":""},"categories":[10],"tags":[],"class_list":["post-5447","post","type-post","status-publish","format-standard","has-post-thumbnail","hentry","category-presse"],"acf":[],"_links":{"self":[{"href":"https:\/\/agderma.de\/fr\/wp-json\/wp\/v2\/posts\/5447","targetHints":{"allow":["GET"]}}],"collection":[{"href":"https:\/\/agderma.de\/fr\/wp-json\/wp\/v2\/posts"}],"about":[{"href":"https:\/\/agderma.de\/fr\/wp-json\/wp\/v2\/types\/post"}],"author":[{"embeddable":true,"href":"https:\/\/agderma.de\/fr\/wp-json\/wp\/v2\/users\/1"}],"replies":[{"embeddable":true,"href":"https:\/\/agderma.de\/fr\/wp-json\/wp\/v2\/comments?post=5447"}],"version-history":[{"count":2,"href":"https:\/\/agderma.de\/fr\/wp-json\/wp\/v2\/posts\/5447\/revisions"}],"predecessor-version":[{"id":5450,"href":"https:\/\/agderma.de\/fr\/wp-json\/wp\/v2\/posts\/5447\/revisions\/5450"}],"wp:featuredmedia":[{"embeddable":true,"href":"https:\/\/agderma.de\/fr\/wp-json\/wp\/v2\/media\/5448"}],"wp:attachment":[{"href":"https:\/\/agderma.de\/fr\/wp-json\/wp\/v2\/media?parent=5447"}],"wp:term":[{"taxonomy":"category","embeddable":true,"href":"https:\/\/agderma.de\/fr\/wp-json\/wp\/v2\/categories?post=5447"},{"taxonomy":"post_tag","embeddable":true,"href":"https:\/\/agderma.de\/fr\/wp-json\/wp\/v2\/tags?post=5447"}],"curies":[{"name":"wp","href":"https:\/\/api.w.org\/{rel}","templated":true}]}}