{"id":738,"date":"2022-12-21T05:42:16","date_gmt":"2022-12-21T05:42:16","guid":{"rendered":"http:\/\/agderma.de\/?p=738"},"modified":"2023-02-27T23:48:35","modified_gmt":"2023-02-27T23:48:35","slug":"transformation-durable-des-cabinets-medicaux-et-des-services-ambulatoires","status":"publish","type":"post","link":"https:\/\/agderma.de\/fr\/presse\/2022\/nachhaltige-transformation-von-praxen-und-ambulanzen\/","title":{"rendered":"Transformation durable des cabinets m\u00e9dicaux et des dispensaires"},"content":{"rendered":"<p><strong>Contribution de Susanne Saha, Anne H\u00fcbner, Esther Luhmann, Dennis Niebel et Christina Hecker dans \"Die Dermatologie\" le 16.1.2022<\/strong><\/p>\n\n\n\n<p>\"L'\u00e9volution des conditions environnementales exige une adaptation de la part du syst\u00e8me de sant\u00e9. La formation continue et la pr\u00e9vention sont des cl\u00e9s importantes pour relever ces d\u00e9fis, la transformation vers une pratique durable est un processus continu\".<\/p>\n\n\n\n<div class=\"wp-block-buttons is-layout-flex wp-block-buttons-is-layout-flex\">\n<div class=\"wp-block-button\"><a class=\"wp-block-button__link wp-element-button\" href=\"https:\/\/www.akdermaplastik.de\/_files\/ugd\/e99956_baf53cf6013449ec96c7d6900aec8f5a.pdf\" target=\"_blank\" rel=\"noreferrer noopener\">Lire l'article complet<\/a><\/div>\n<\/div>","protected":false},"excerpt":{"rendered":"<p>Contribution de Susanne Saha, Anne H\u00fcbner, Esther Luhmann, Dennis Niebel et Christina Hecker dans Dermatologie le 16.12.2022<\/p>","protected":false},"author":1,"featured_media":3617,"comment_status":"closed","ping_status":"open","sticky":false,"template":"","format":"standard","meta":{"_acf_changed":false,"footnotes":""},"categories":[10],"tags":[],"class_list":["post-738","post","type-post","status-publish","format-standard","has-post-thumbnail","hentry","category-presse"],"acf":[],"_links":{"self":[{"href":"https:\/\/agderma.de\/fr\/wp-json\/wp\/v2\/posts\/738","targetHints":{"allow":["GET"]}}],"collection":[{"href":"https:\/\/agderma.de\/fr\/wp-json\/wp\/v2\/posts"}],"about":[{"href":"https:\/\/agderma.de\/fr\/wp-json\/wp\/v2\/types\/post"}],"author":[{"embeddable":true,"href":"https:\/\/agderma.de\/fr\/wp-json\/wp\/v2\/users\/1"}],"replies":[{"embeddable":true,"href":"https:\/\/agderma.de\/fr\/wp-json\/wp\/v2\/comments?post=738"}],"version-history":[{"count":0,"href":"https:\/\/agderma.de\/fr\/wp-json\/wp\/v2\/posts\/738\/revisions"}],"wp:featuredmedia":[{"embeddable":true,"href":"https:\/\/agderma.de\/fr\/wp-json\/wp\/v2\/media\/3617"}],"wp:attachment":[{"href":"https:\/\/agderma.de\/fr\/wp-json\/wp\/v2\/media?parent=738"}],"wp:term":[{"taxonomy":"category","embeddable":true,"href":"https:\/\/agderma.de\/fr\/wp-json\/wp\/v2\/categories?post=738"},{"taxonomy":"post_tag","embeddable":true,"href":"https:\/\/agderma.de\/fr\/wp-json\/wp\/v2\/tags?post=738"}],"curies":[{"name":"wp","href":"https:\/\/api.w.org\/{rel}","templated":true}]}}