{"id":875,"date":"2021-08-01T06:38:00","date_gmt":"2021-08-01T06:38:00","guid":{"rendered":"http:\/\/agderma.de\/?p=875"},"modified":"2023-02-28T00:40:23","modified_gmt":"2023-02-28T00:40:23","slug":"etablissements-de-sante-adaptes-au-climat-2","status":"publish","type":"post","link":"https:\/\/agderma.de\/fr\/fremdpublikation\/2021\/klimagerechte-gesundheitseinrichtungen\/","title":{"rendered":"\u00c9tablissements de sant\u00e9 adapt\u00e9s au climat"},"content":{"rendered":"<p>Le cadre de travail r\u00e9cemment publi\u00e9 par KLUG (Alliance allemande pour le changement climatique et la sant\u00e9) est d\u00e9sormais disponible sous forme de lien sur notre site web. L'ouvrage original est disponible en PDF et en EPUB ici :<\/p>\n\n\n\n<p><a href=\"https:\/\/www.klimawandel-gesundheit.de\/klug-veroeffentlicht-rahmenwerk-fuer-klimaneutrale-gesundheitseinrichtungen\/\" target=\"_blank\" rel=\"noopener\">https:\/\/www.klimawandel-gesundheit.de\/klug-veroeffentlicht-rahmenwerk-fuer-klimaneutrale-gesundheitseinrichtungen\/<\/a><\/p>","protected":false},"excerpt":{"rendered":"<p>Le cadre de travail r\u00e9cemment publi\u00e9 par KLUG (Alliance allemande pour le changement climatique et la sant\u00e9) est d\u00e9sormais disponible sous forme de lien sur notre site web. L'ouvrage original est disponible en PDF et en EPUB ici : https:\/\/www.klimawandel-gesundheit.de\/klug-veroeffentlicht-rahmenwerk-fuer-klimaneutrale-gesundheitseinrichtungen\/<\/p>","protected":false},"author":1,"featured_media":3644,"comment_status":"closed","ping_status":"open","sticky":false,"template":"","format":"standard","meta":{"_acf_changed":false,"footnotes":""},"categories":[18],"tags":[],"class_list":["post-875","post","type-post","status-publish","format-standard","has-post-thumbnail","hentry","category-fremdpublikation"],"acf":[],"_links":{"self":[{"href":"https:\/\/agderma.de\/fr\/wp-json\/wp\/v2\/posts\/875","targetHints":{"allow":["GET"]}}],"collection":[{"href":"https:\/\/agderma.de\/fr\/wp-json\/wp\/v2\/posts"}],"about":[{"href":"https:\/\/agderma.de\/fr\/wp-json\/wp\/v2\/types\/post"}],"author":[{"embeddable":true,"href":"https:\/\/agderma.de\/fr\/wp-json\/wp\/v2\/users\/1"}],"replies":[{"embeddable":true,"href":"https:\/\/agderma.de\/fr\/wp-json\/wp\/v2\/comments?post=875"}],"version-history":[{"count":0,"href":"https:\/\/agderma.de\/fr\/wp-json\/wp\/v2\/posts\/875\/revisions"}],"wp:featuredmedia":[{"embeddable":true,"href":"https:\/\/agderma.de\/fr\/wp-json\/wp\/v2\/media\/3644"}],"wp:attachment":[{"href":"https:\/\/agderma.de\/fr\/wp-json\/wp\/v2\/media?parent=875"}],"wp:term":[{"taxonomy":"category","embeddable":true,"href":"https:\/\/agderma.de\/fr\/wp-json\/wp\/v2\/categories?post=875"},{"taxonomy":"post_tag","embeddable":true,"href":"https:\/\/agderma.de\/fr\/wp-json\/wp\/v2\/tags?post=875"}],"curies":[{"name":"wp","href":"https:\/\/api.w.org\/{rel}","templated":true}]}}